{"id":1826,"date":"2026-04-08T06:38:11","date_gmt":"2026-04-08T06:38:11","guid":{"rendered":"https:\/\/www.langleyholdings.com\/pt-pt\/?p=1826"},"modified":"2026-04-10T08:02:06","modified_gmt":"2026-04-10T08:02:06","slug":"piller-group-nomeia-dean-richards-como-ceo","status":"publish","type":"post","link":"https:\/\/www.langleyholdings.com\/pt-pt\/blog\/2026\/04\/08\/piller-group-nomeia-dean-richards-como-ceo\/","title":{"rendered":"Piller Group nomeia Dean Richards como Diretor Executivo e Co-CEO"},"content":{"rendered":"<p><em>Osterode, 8 de Abril de 2026<\/em><\/p>\n<p><strong>O Grupo Piller GmbH anunciou hoje a nomea\u00e7\u00e3o de Dean Richards como Diretor Executivo e Co-CEO de Neg\u00f3cios Globais.<\/strong><\/p>\n<p>Richards (55) \u00e9 atualmente Presidente e CEO da Piller Power Systems Inc., subsidi\u00e1ria do grupo nos EUA, cargo que ocupa desde 2010.<\/p>\n<p>Como Co-CEO, Richards assume a responsabilidade geral pelas subsidi\u00e1rias internacionais da Piller e a lideran\u00e7a do Grupo Piller GmbH, juntamente com o Diretor Executivo e Co-CEO de Opera\u00e7\u00f5es, Dr. Detlev Seidel.<\/p>\n<img loading=\"lazy\" decoding=\"async\" class=\"alignnone wp-image-1834 size-full\" src=\"http:\/\/www.langleyholdings.com\/pt-pt\/wp-content\/uploads\/sites\/8\/2026\/04\/Dean-Richards.jpg\" alt=\"\" width=\"446\" height=\"481\" srcset=\"https:\/\/www.langleyholdings.com\/pt-pt\/wp-content\/uploads\/sites\/8\/2026\/04\/Dean-Richards.jpg 446w, https:\/\/www.langleyholdings.com\/pt-pt\/wp-content\/uploads\/sites\/8\/2026\/04\/Dean-Richards-278x300.jpg 278w\" sizes=\"auto, (max-width: 446px) 100vw, 446px\" \/>\n<p><em>Foto: Dean Richards \u2013 rec\u00e9m-nomeado Co-CEO de Neg\u00f3cios Globais do Grupo Piller GmbH<\/em><\/p>\n<p>Richards sucede ao Dr. Zaki Slgini, que se aposentar\u00e1 em junho. A empresa expressa seu sincero agradecimento ao Dr. Slgini por sua lideran\u00e7a e contribui\u00e7\u00e3o para o desenvolvimento e sucesso da Piller desde sua transfer\u00eancia da subsidi\u00e1ria alem\u00e3 da Marelli Motori em 2022.<\/p>\n<p>Ao comentar sobre a nomea\u00e7\u00e3o, o Sr. Bernard Langley, Diretor Executivo do Grupo e Membro do Conselho de Administra\u00e7\u00e3o da Langley Holdings, disse:<\/p>\n<p><em>\u201cDean \u00e9 um l\u00edder altamente experiente e respeitado, com profundo conhecimento do nosso neg\u00f3cio Piller e seus mercados. Sua experi\u00eancia internacional e forma\u00e7\u00e3o em engenharia o tornam ideal para esta importante fun\u00e7\u00e3o de lideran\u00e7a.<\/em><\/p>\n<p><em>Gostaria tamb\u00e9m de agradecer a Zaki por sua dedica\u00e7\u00e3o e lideran\u00e7a na Piller, bem como por seus servi\u00e7os prestados \u00e0 Marelli Motori. Desejamos-lhe tudo de bom em sua aposentadoria.\u201d<\/em><\/p>\n<p><strong>Sobre a Piller<\/strong><\/p>\n<p>A tecnologia <a href=\"https:\/\/www.piller.com\/\">Piller<\/a> \u00e9 o padr\u00e3o ouro em tecnologia de energia premium. Para muitos dos bancos centrais, bolsas de valores, institui\u00e7\u00f5es financeiras e ag\u00eancias governamentais mais renomadas do mundo; operadores de data centers, redes de telecomunica\u00e7\u00f5es e aeroportos, hospitais, fabricantes de semicondutores e produtos farmac\u00eauticos, a Piller \u00e9 a tecnologia de refer\u00eancia para confiabilidade de energia em aplica\u00e7\u00f5es de miss\u00e3o cr\u00edtica. Agora, com os operadores de data centers de IA cada vez mais utilizando energia atr\u00e1s do medidor (BTM), a tecnologia da Piller encontra uma nova aplica\u00e7\u00e3o: gerenciar transientes de IA e varia\u00e7\u00f5es de carga BTM com facilidade.<\/p>\n<p>Em 2016, a Piller adquiriu a\u00a0<a href=\"https:\/\/www.activepower.com\/\">Active Power Inc.<\/a>, produtora de armazenamento de energia cin\u00e9tica com sede em Austin, Texas. A Piller Group GmbH \u00e9 uma subsidi\u00e1ria integral do grupo brit\u00e2nico de engenharia e ind\u00fastria Langley Holdings plc e faz parte da Divis\u00e3o de Solu\u00e7\u00f5es de Energia.<\/p>\n<p><strong>Sobre a Langley Holdings<\/strong><\/p>\n<p>A\u00a0<a href=\"https:\/\/www.langleyholdings.com\/\">Langley Holdings plc<\/a>\u00a0\u00e9 um grupo privado brit\u00e2nico de engenharia e manufatura industrial, que produz principalmente equipamentos de capital para diversos mercados em todo o mundo. As empresas da Langley s\u00e3o l\u00edderes de mercado ou ocupam posi\u00e7\u00f5es de destaque em seus respectivos setores, fornecendo tecnologias avan\u00e7adas com uma abordagem baseada em solu\u00e7\u00f5es. O grupo opera em tr\u00eas \u00e1reas principais: <a href=\"https:\/\/www.langleyholdings.com\/our-divisions\/\">Solu\u00e7\u00f5es de Energia<\/a>; Tecnologias de Impress\u00e3o e Outros Setores Industriais. As opera\u00e7\u00f5es do grupo est\u00e3o localizadas na Alemanha, It\u00e1lia, Fran\u00e7a, Reino Unido e Noruega, com 18 unidades de produ\u00e7\u00e3o na Europa, Reino Unido e EUA. O grupo possui mais de 90 subsidi\u00e1rias em todo o mundo e emprega mais de 5.000 pessoas. A Langley Holdings foi fundada em 1975 pelo atual Presidente e CEO, <a href=\"https:\/\/en.wikipedia.org\/wiki\/Anthony_Langley\">Anthony Langley<\/a>, e permanece inteiramente sob propriedade familiar.<\/p>\n","protected":false},"excerpt":{"rendered":"<p>Osterode, 8 de Abril de 2026 O Grupo Piller GmbH anunciou hoje a nomea\u00e7\u00e3o de Dean Richards como Diretor Executivo e Co-CEO de Neg\u00f3cios Globais. Richards (55) \u00e9 atualmente Presidente e CEO da Piller Power Systems Inc., subsidi\u00e1ria do grupo nos EUA, cargo que ocupa desde 2010. Como Co-CEO, Richards assume a responsabilidade geral pelas [&hellip;]<\/p>\n","protected":false},"author":3,"featured_media":1835,"comment_status":"closed","ping_status":"open","sticky":false,"template":"","format":"standard","meta":{"_acf_changed":false,"footnotes":""},"categories":[1],"class_list":["post-1826","post","type-post","status-publish","format-standard","has-post-thumbnail","hentry","category-uncategorized"],"acf":[],"yoast_head":"<!-- This site is optimized with the Yoast SEO plugin v25.9 - https:\/\/yoast.com\/wordpress\/plugins\/seo\/ -->\n<title>Piller Group nomeia Dean Richards como Diretor Executivo e Co-CEO - Portugu\u00eas<\/title>\n<meta name=\"robots\" content=\"index, follow, max-snippet:-1, max-image-preview:large, max-video-preview:-1\" \/>\n<link rel=\"canonical\" href=\"https:\/\/www.langleyholdings.com\/pt-pt\/blog\/2026\/04\/08\/piller-group-nomeia-dean-richards-como-ceo\/\" \/>\n<meta property=\"og:locale\" content=\"pt_PT\" \/>\n<meta property=\"og:type\" content=\"article\" \/>\n<meta property=\"og:title\" content=\"Piller Group nomeia Dean Richards como Diretor Executivo e Co-CEO - Portugu\u00eas\" \/>\n<meta property=\"og:description\" content=\"Osterode, 8 de Abril de 2026 O Grupo Piller GmbH anunciou hoje a nomea\u00e7\u00e3o de Dean Richards como Diretor Executivo e Co-CEO de Neg\u00f3cios Globais. Richards (55) \u00e9 atualmente Presidente e CEO da Piller Power Systems Inc., subsidi\u00e1ria do grupo nos EUA, cargo que ocupa desde 2010. Como Co-CEO, Richards assume a responsabilidade geral pelas [&hellip;]\" \/>\n<meta property=\"og:url\" content=\"https:\/\/www.langleyholdings.com\/pt-pt\/blog\/2026\/04\/08\/piller-group-nomeia-dean-richards-como-ceo\/\" \/>\n<meta property=\"og:site_name\" content=\"Portugu\u00eas\" \/>\n<meta property=\"article:published_time\" content=\"2026-04-08T06:38:11+00:00\" \/>\n<meta property=\"article:modified_time\" content=\"2026-04-10T08:02:06+00:00\" \/>\n<meta property=\"og:image\" content=\"http:\/\/www.langleyholdings.com\/pt-pt\/wp-content\/uploads\/sites\/8\/2026\/04\/Piller-Corporate-1220x814-C.jpg\" \/>\n\t<meta property=\"og:image:width\" content=\"1220\" \/>\n\t<meta property=\"og:image:height\" content=\"814\" \/>\n\t<meta property=\"og:image:type\" content=\"image\/jpeg\" \/>\n<meta name=\"author\" content=\"louise\" \/>\n<meta name=\"twitter:card\" content=\"summary_large_image\" \/>\n<meta name=\"twitter:label1\" content=\"Written by\" \/>\n\t<meta name=\"twitter:data1\" content=\"louise\" \/>\n\t<meta name=\"twitter:label2\" content=\"Est. reading time\" \/>\n\t<meta name=\"twitter:data2\" content=\"4 minutes\" \/>\n<script type=\"application\/ld+json\" class=\"yoast-schema-graph\">{\"@context\":\"https:\/\/schema.org\",\"@graph\":[{\"@type\":\"WebPage\",\"@id\":\"https:\/\/www.langleyholdings.com\/pt-pt\/blog\/2026\/04\/08\/piller-group-nomeia-dean-richards-como-ceo\/\",\"url\":\"https:\/\/www.langleyholdings.com\/pt-pt\/blog\/2026\/04\/08\/piller-group-nomeia-dean-richards-como-ceo\/\",\"name\":\"Piller Group nomeia Dean Richards como Diretor Executivo e Co-CEO - Portugu\u00eas\",\"isPartOf\":{\"@id\":\"https:\/\/www.langleyholdings.com\/pt-pt\/#website\"},\"primaryImageOfPage\":{\"@id\":\"https:\/\/www.langleyholdings.com\/pt-pt\/blog\/2026\/04\/08\/piller-group-nomeia-dean-richards-como-ceo\/#primaryimage\"},\"image\":{\"@id\":\"https:\/\/www.langleyholdings.com\/pt-pt\/blog\/2026\/04\/08\/piller-group-nomeia-dean-richards-como-ceo\/#primaryimage\"},\"thumbnailUrl\":\"https:\/\/www.langleyholdings.com\/pt-pt\/wp-content\/uploads\/sites\/8\/2026\/04\/Piller-Corporate-1220x814-C.jpg\",\"datePublished\":\"2026-04-08T06:38:11+00:00\",\"dateModified\":\"2026-04-10T08:02:06+00:00\",\"author\":{\"@id\":\"https:\/\/www.langleyholdings.com\/pt-pt\/#\/schema\/person\/7222a76cf661fb6211cb8031be949aec\"},\"breadcrumb\":{\"@id\":\"https:\/\/www.langleyholdings.com\/pt-pt\/blog\/2026\/04\/08\/piller-group-nomeia-dean-richards-como-ceo\/#breadcrumb\"},\"inLanguage\":\"pt-PT\",\"potentialAction\":[{\"@type\":\"ReadAction\",\"target\":[\"https:\/\/www.langleyholdings.com\/pt-pt\/blog\/2026\/04\/08\/piller-group-nomeia-dean-richards-como-ceo\/\"]}]},{\"@type\":\"ImageObject\",\"inLanguage\":\"pt-PT\",\"@id\":\"https:\/\/www.langleyholdings.com\/pt-pt\/blog\/2026\/04\/08\/piller-group-nomeia-dean-richards-como-ceo\/#primaryimage\",\"url\":\"https:\/\/www.langleyholdings.com\/pt-pt\/wp-content\/uploads\/sites\/8\/2026\/04\/Piller-Corporate-1220x814-C.jpg\",\"contentUrl\":\"https:\/\/www.langleyholdings.com\/pt-pt\/wp-content\/uploads\/sites\/8\/2026\/04\/Piller-Corporate-1220x814-C.jpg\",\"width\":1220,\"height\":814},{\"@type\":\"BreadcrumbList\",\"@id\":\"https:\/\/www.langleyholdings.com\/pt-pt\/blog\/2026\/04\/08\/piller-group-nomeia-dean-richards-como-ceo\/#breadcrumb\",\"itemListElement\":[{\"@type\":\"ListItem\",\"position\":1,\"name\":\"Home\",\"item\":\"https:\/\/www.langleyholdings.com\/pt-pt\/\"},{\"@type\":\"ListItem\",\"position\":2,\"name\":\"Piller Group nomeia Dean Richards como Diretor Executivo e Co-CEO\"}]},{\"@type\":\"WebSite\",\"@id\":\"https:\/\/www.langleyholdings.com\/pt-pt\/#website\",\"url\":\"https:\/\/www.langleyholdings.com\/pt-pt\/\",\"name\":\"Portugu\u00eas\",\"description\":\"Portugu\u00eas\",\"potentialAction\":[{\"@type\":\"SearchAction\",\"target\":{\"@type\":\"EntryPoint\",\"urlTemplate\":\"https:\/\/www.langleyholdings.com\/pt-pt\/?s={search_term_string}\"},\"query-input\":{\"@type\":\"PropertyValueSpecification\",\"valueRequired\":true,\"valueName\":\"search_term_string\"}}],\"inLanguage\":\"pt-PT\"},{\"@type\":\"Person\",\"@id\":\"https:\/\/www.langleyholdings.com\/pt-pt\/#\/schema\/person\/7222a76cf661fb6211cb8031be949aec\",\"name\":\"louise\",\"image\":{\"@type\":\"ImageObject\",\"inLanguage\":\"pt-PT\",\"@id\":\"https:\/\/www.langleyholdings.com\/pt-pt\/#\/schema\/person\/image\/\",\"url\":\"https:\/\/secure.gravatar.com\/avatar\/36bf66d92ddd31b0e81e3f1c991fb42eed8abb29a8cc5f4288206133325d3803?s=96&d=mm&r=g\",\"contentUrl\":\"https:\/\/secure.gravatar.com\/avatar\/36bf66d92ddd31b0e81e3f1c991fb42eed8abb29a8cc5f4288206133325d3803?s=96&d=mm&r=g\",\"caption\":\"louise\"},\"url\":\"https:\/\/www.langleyholdings.com\/pt-pt\/blog\/author\/louise\/\"}]}<\/script>\n<!-- \/ Yoast SEO plugin. -->","yoast_head_json":{"title":"Piller Group nomeia Dean Richards como Diretor Executivo e Co-CEO - Portugu\u00eas","robots":{"index":"index","follow":"follow","max-snippet":"max-snippet:-1","max-image-preview":"max-image-preview:large","max-video-preview":"max-video-preview:-1"},"canonical":"https:\/\/www.langleyholdings.com\/pt-pt\/blog\/2026\/04\/08\/piller-group-nomeia-dean-richards-como-ceo\/","og_locale":"pt_PT","og_type":"article","og_title":"Piller Group nomeia Dean Richards como Diretor Executivo e Co-CEO - Portugu\u00eas","og_description":"Osterode, 8 de Abril de 2026 O Grupo Piller GmbH anunciou hoje a nomea\u00e7\u00e3o de Dean Richards como Diretor Executivo e Co-CEO de Neg\u00f3cios Globais. Richards (55) \u00e9 atualmente Presidente e CEO da Piller Power Systems Inc., subsidi\u00e1ria do grupo nos EUA, cargo que ocupa desde 2010. Como Co-CEO, Richards assume a responsabilidade geral pelas [&hellip;]","og_url":"https:\/\/www.langleyholdings.com\/pt-pt\/blog\/2026\/04\/08\/piller-group-nomeia-dean-richards-como-ceo\/","og_site_name":"Portugu\u00eas","article_published_time":"2026-04-08T06:38:11+00:00","article_modified_time":"2026-04-10T08:02:06+00:00","og_image":[{"width":1220,"height":814,"url":"http:\/\/www.langleyholdings.com\/pt-pt\/wp-content\/uploads\/sites\/8\/2026\/04\/Piller-Corporate-1220x814-C.jpg","type":"image\/jpeg"}],"author":"louise","twitter_card":"summary_large_image","twitter_misc":{"Written by":"louise","Est. reading time":"4 minutes"},"schema":{"@context":"https:\/\/schema.org","@graph":[{"@type":"WebPage","@id":"https:\/\/www.langleyholdings.com\/pt-pt\/blog\/2026\/04\/08\/piller-group-nomeia-dean-richards-como-ceo\/","url":"https:\/\/www.langleyholdings.com\/pt-pt\/blog\/2026\/04\/08\/piller-group-nomeia-dean-richards-como-ceo\/","name":"Piller Group nomeia Dean Richards como Diretor Executivo e Co-CEO - Portugu\u00eas","isPartOf":{"@id":"https:\/\/www.langleyholdings.com\/pt-pt\/#website"},"primaryImageOfPage":{"@id":"https:\/\/www.langleyholdings.com\/pt-pt\/blog\/2026\/04\/08\/piller-group-nomeia-dean-richards-como-ceo\/#primaryimage"},"image":{"@id":"https:\/\/www.langleyholdings.com\/pt-pt\/blog\/2026\/04\/08\/piller-group-nomeia-dean-richards-como-ceo\/#primaryimage"},"thumbnailUrl":"https:\/\/www.langleyholdings.com\/pt-pt\/wp-content\/uploads\/sites\/8\/2026\/04\/Piller-Corporate-1220x814-C.jpg","datePublished":"2026-04-08T06:38:11+00:00","dateModified":"2026-04-10T08:02:06+00:00","author":{"@id":"https:\/\/www.langleyholdings.com\/pt-pt\/#\/schema\/person\/7222a76cf661fb6211cb8031be949aec"},"breadcrumb":{"@id":"https:\/\/www.langleyholdings.com\/pt-pt\/blog\/2026\/04\/08\/piller-group-nomeia-dean-richards-como-ceo\/#breadcrumb"},"inLanguage":"pt-PT","potentialAction":[{"@type":"ReadAction","target":["https:\/\/www.langleyholdings.com\/pt-pt\/blog\/2026\/04\/08\/piller-group-nomeia-dean-richards-como-ceo\/"]}]},{"@type":"ImageObject","inLanguage":"pt-PT","@id":"https:\/\/www.langleyholdings.com\/pt-pt\/blog\/2026\/04\/08\/piller-group-nomeia-dean-richards-como-ceo\/#primaryimage","url":"https:\/\/www.langleyholdings.com\/pt-pt\/wp-content\/uploads\/sites\/8\/2026\/04\/Piller-Corporate-1220x814-C.jpg","contentUrl":"https:\/\/www.langleyholdings.com\/pt-pt\/wp-content\/uploads\/sites\/8\/2026\/04\/Piller-Corporate-1220x814-C.jpg","width":1220,"height":814},{"@type":"BreadcrumbList","@id":"https:\/\/www.langleyholdings.com\/pt-pt\/blog\/2026\/04\/08\/piller-group-nomeia-dean-richards-como-ceo\/#breadcrumb","itemListElement":[{"@type":"ListItem","position":1,"name":"Home","item":"https:\/\/www.langleyholdings.com\/pt-pt\/"},{"@type":"ListItem","position":2,"name":"Piller Group nomeia Dean Richards como Diretor Executivo e Co-CEO"}]},{"@type":"WebSite","@id":"https:\/\/www.langleyholdings.com\/pt-pt\/#website","url":"https:\/\/www.langleyholdings.com\/pt-pt\/","name":"Portugu\u00eas","description":"Portugu\u00eas","potentialAction":[{"@type":"SearchAction","target":{"@type":"EntryPoint","urlTemplate":"https:\/\/www.langleyholdings.com\/pt-pt\/?s={search_term_string}"},"query-input":{"@type":"PropertyValueSpecification","valueRequired":true,"valueName":"search_term_string"}}],"inLanguage":"pt-PT"},{"@type":"Person","@id":"https:\/\/www.langleyholdings.com\/pt-pt\/#\/schema\/person\/7222a76cf661fb6211cb8031be949aec","name":"louise","image":{"@type":"ImageObject","inLanguage":"pt-PT","@id":"https:\/\/www.langleyholdings.com\/pt-pt\/#\/schema\/person\/image\/","url":"https:\/\/secure.gravatar.com\/avatar\/36bf66d92ddd31b0e81e3f1c991fb42eed8abb29a8cc5f4288206133325d3803?s=96&d=mm&r=g","contentUrl":"https:\/\/secure.gravatar.com\/avatar\/36bf66d92ddd31b0e81e3f1c991fb42eed8abb29a8cc5f4288206133325d3803?s=96&d=mm&r=g","caption":"louise"},"url":"https:\/\/www.langleyholdings.com\/pt-pt\/blog\/author\/louise\/"}]}},"_links":{"self":[{"href":"https:\/\/www.langleyholdings.com\/pt-pt\/wp-json\/wp\/v2\/posts\/1826","targetHints":{"allow":["GET"]}}],"collection":[{"href":"https:\/\/www.langleyholdings.com\/pt-pt\/wp-json\/wp\/v2\/posts"}],"about":[{"href":"https:\/\/www.langleyholdings.com\/pt-pt\/wp-json\/wp\/v2\/types\/post"}],"author":[{"embeddable":true,"href":"https:\/\/www.langleyholdings.com\/pt-pt\/wp-json\/wp\/v2\/users\/3"}],"replies":[{"embeddable":true,"href":"https:\/\/www.langleyholdings.com\/pt-pt\/wp-json\/wp\/v2\/comments?post=1826"}],"version-history":[{"count":4,"href":"https:\/\/www.langleyholdings.com\/pt-pt\/wp-json\/wp\/v2\/posts\/1826\/revisions"}],"predecessor-version":[{"id":1841,"href":"https:\/\/www.langleyholdings.com\/pt-pt\/wp-json\/wp\/v2\/posts\/1826\/revisions\/1841"}],"wp:featuredmedia":[{"embeddable":true,"href":"https:\/\/www.langleyholdings.com\/pt-pt\/wp-json\/wp\/v2\/media\/1835"}],"wp:attachment":[{"href":"https:\/\/www.langleyholdings.com\/pt-pt\/wp-json\/wp\/v2\/media?parent=1826"}],"wp:term":[{"taxonomy":"category","embeddable":true,"href":"https:\/\/www.langleyholdings.com\/pt-pt\/wp-json\/wp\/v2\/categories?post=1826"}],"curies":[{"name":"wp","href":"https:\/\/api.w.org\/{rel}","templated":true}]}}